{"id":11628,"date":"2025-02-28T11:51:17","date_gmt":"2025-02-28T10:51:17","guid":{"rendered":"https:\/\/www.hertel-kartonagen.de\/?p=11628"},"modified":"2025-06-23T17:14:15","modified_gmt":"2025-06-23T15:14:15","slug":"uebergabe-umwelt-und-klimapakturkunde-durch-bayer-staatsminister-thorsten-glauber","status":"publish","type":"post","link":"https:\/\/www.hertel-kartonagen.de\/en\/uebergabe-umwelt-und-klimapakturkunde-durch-bayer-staatsminister-thorsten-glauber\/","title":{"rendered":"Handover of environmental and climate certificate by Bayer. Minister of State Thorsten Glauber"},"content":{"rendered":"<div data-elementor-type=\"wp-post\" data-elementor-id=\"11628\" class=\"elementor elementor-11628\" data-elementor-post-type=\"post\">\n\t\t\t\t<div class=\"elementor-element elementor-element-497c417 e-flex e-con-boxed e-con e-parent\" data-id=\"497c417\" data-element_type=\"container\">\n\t\t\t\t\t<div class=\"e-con-inner\">\n\t\t\t\t<div class=\"elementor-element elementor-element-18cfd43 elementor-widget elementor-widget-text-editor\" data-id=\"18cfd43\" data-element_type=\"widget\" data-widget_type=\"text-editor.default\">\n\t\t\t\t\t\t\t\t\t<p><strong>Bayreuth, 21 March 2025 10:00 - 11:00 a.m. - High-ranking visitor at Hertel &amp; Co. GmbH:<\/strong><br \/><strong>The Bavarian State Minister for the Environment and Consumer Protection, Thorsten Glauber, honours the company for its exemplary commitment to climate and environmental protection. During a personal visit, he presents the environmental and climate certificate. A significant milestone for the Bayreuth packaging manufacturer - and a strong sign of voluntary sustainable corporate responsibility.<\/strong><\/p>\t\t\t\t\t\t\t\t<\/div>\n\t\t\t\t<div class=\"elementor-element elementor-element-e8db6e7 elementor-widget-divider--view-line elementor-widget elementor-widget-divider\" data-id=\"e8db6e7\" data-element_type=\"widget\" data-widget_type=\"divider.default\">\n\t\t\t\t\t\t\t<div class=\"elementor-divider\">\n\t\t\t<span class=\"elementor-divider-separator\">\n\t\t\t\t\t\t<\/span>\n\t\t<\/div>\n\t\t\t\t\t\t<\/div>\n\t\t\t\t\t<\/div>\n\t\t\t\t<\/div>\n\t\t<div class=\"elementor-element elementor-element-609d2db e-flex e-con-boxed e-con e-parent\" data-id=\"609d2db\" data-element_type=\"container\">\n\t\t\t\t\t<div class=\"e-con-inner\">\n\t\t<div class=\"elementor-element elementor-element-cf32e8c e-con-full e-flex e-con e-child\" data-id=\"cf32e8c\" data-element_type=\"container\">\n\t\t\t\t<div class=\"elementor-element elementor-element-a449859 elementor-widget elementor-widget-image\" data-id=\"a449859\" data-element_type=\"widget\" data-widget_type=\"image.default\">\n\t\t\t\t\t\t\t\t\t\t\t\t\t\t\t<img decoding=\"async\" width=\"800\" height=\"600\" src=\"https:\/\/www.hertel-kartonagen.de\/wp-content\/uploads\/2024\/05\/DSC01065-1024x768.jpg\" class=\"attachment-large size-large wp-image-6502\" alt=\"Produktionshalle 1\" srcset=\"https:\/\/www.hertel-kartonagen.de\/wp-content\/uploads\/2024\/05\/DSC01065-1024x768.jpg 1024w, https:\/\/www.hertel-kartonagen.de\/wp-content\/uploads\/2024\/05\/DSC01065-300x225.jpg 300w, https:\/\/www.hertel-kartonagen.de\/wp-content\/uploads\/2024\/05\/DSC01065-768x576.jpg 768w, https:\/\/www.hertel-kartonagen.de\/wp-content\/uploads\/2024\/05\/DSC01065-1536x1152.jpg 1536w, https:\/\/www.hertel-kartonagen.de\/wp-content\/uploads\/2024\/05\/DSC01065-scaled.jpg 2048w, https:\/\/www.hertel-kartonagen.de\/wp-content\/uploads\/2024\/05\/DSC01065-16x12.jpg 16w\" sizes=\"(max-width: 800px) 100vw, 800px\" \/>\t\t\t\t\t\t\t\t\t\t\t\t\t\t\t<\/div>\n\t\t\t\t<\/div>\n\t\t<div class=\"elementor-element elementor-element-78d8749 e-con-full e-flex e-con e-child\" data-id=\"78d8749\" data-element_type=\"container\">\n\t\t\t\t<div class=\"elementor-element elementor-element-ea19998 elementor-widget elementor-widget-text-editor\" data-id=\"ea19998\" data-element_type=\"widget\" data-widget_type=\"text-editor.default\">\n\t\t\t\t\t\t\t\t\tHertel &amp; Co. GmbH is an innovative, third-generation family business from Bayreuth. As a manufacturer of packaging, displays and inserts, we have a special responsibility - protecting our environment and using resources sustainably are a matter close to our hearts. These values are deeply rooted in the philosophy of our management. We do not regard legal requirements as a limit, but rather as a basis that we far exceed out of our own conviction and with the highest level of commitment.\t\t\t\t\t\t\t\t<\/div>\n\t\t\t\t<\/div>\n\t\t\t\t\t<\/div>\n\t\t\t\t<\/div>\n\t\t<div class=\"elementor-element elementor-element-411ca43 e-flex e-con-boxed e-con e-parent\" data-id=\"411ca43\" data-element_type=\"container\">\n\t\t\t\t\t<div class=\"e-con-inner\">\n\t\t\t\t<div class=\"elementor-element elementor-element-f304c1b elementor-widget-divider--view-line elementor-widget elementor-widget-divider\" data-id=\"f304c1b\" data-element_type=\"widget\" data-widget_type=\"divider.default\">\n\t\t\t\t\t\t\t<div class=\"elementor-divider\">\n\t\t\t<span class=\"elementor-divider-separator\">\n\t\t\t\t\t\t<\/span>\n\t\t<\/div>\n\t\t\t\t\t\t<\/div>\n\t\t\t\t\t<\/div>\n\t\t\t\t<\/div>\n\t\t<div class=\"elementor-element elementor-element-d471182 e-flex e-con-boxed e-con e-parent\" data-id=\"d471182\" data-element_type=\"container\">\n\t\t\t\t\t<div class=\"e-con-inner\">\n\t\t\t\t<div class=\"elementor-element elementor-element-02d2d25 elementor-widget elementor-widget-text-editor\" data-id=\"02d2d25\" data-element_type=\"widget\" data-widget_type=\"text-editor.default\">\n\t\t\t\t\t\t\t\t\tOur commitment to climate protection\t\t\t\t\t\t\t\t<\/div>\n\t\t\t\t<div class=\"elementor-element elementor-element-d40deb6 elementor-widget elementor-widget-text-editor\" data-id=\"d40deb6\" data-element_type=\"widget\" data-widget_type=\"text-editor.default\">\n\t\t\t\t\t\t\t\t\t<p>Sustainability is not a trend for us, but a commitment. With innovative solutions and consistent action, we are actively committed to climate protection:<\/p>\t\t\t\t\t\t\t\t<\/div>\n\t\t\t\t\t<\/div>\n\t\t\t\t<\/div>\n\t\t<div class=\"elementor-element elementor-element-8293899 e-con-full e-flex e-con e-parent\" data-id=\"8293899\" data-element_type=\"container\">\n\t\t\t\t<div class=\"elementor-element elementor-element-1d25fd3 elementor-widget elementor-widget-n-accordion\" data-id=\"1d25fd3\" data-element_type=\"widget\" data-settings=\"{&quot;default_state&quot;:&quot;all_collapsed&quot;,&quot;max_items_expended&quot;:&quot;one&quot;,&quot;n_accordion_animation_duration&quot;:{&quot;unit&quot;:&quot;ms&quot;,&quot;size&quot;:400,&quot;sizes&quot;:[]}}\" data-widget_type=\"nested-accordion.default\">\n\t\t\t\t\t\t\t<div class=\"e-n-accordion\" aria-label=\"Accordion. Open links with Enter or Space, close with Escape, and navigate with Arrow Keys\">\n\t\t\t\t\t\t<details id=\"e-n-accordion-item-3050\" class=\"e-n-accordion-item\" >\n\t\t\t\t<summary class=\"e-n-accordion-item-title\" data-accordion-index=\"1\" tabindex=\"0\" aria-expanded=\"false\" aria-controls=\"e-n-accordion-item-3050\" >\n\t\t\t\t\t<span class='e-n-accordion-item-title-header'><div class=\"e-n-accordion-item-title-text\"> Emission-free production <\/div><\/span>\n\t\t\t\t\t\t\t<span class='e-n-accordion-item-title-icon'>\n\t\t\t<span class='e-opened' ><i aria-hidden=\"true\" class=\"fas fa-minus\"><\/i><\/span>\n\t\t\t<span class='e-closed'><i aria-hidden=\"true\" class=\"fas fa-plus\"><\/i><\/span>\n\t\t<\/span>\n\n\t\t\t\t\t\t<\/summary>\n\t\t\t\t<div role=\"region\" aria-labelledby=\"e-n-accordion-item-3050\" class=\"elementor-element elementor-element-454da98 e-con-full e-flex e-con e-child\" data-id=\"454da98\" data-element_type=\"container\">\n\t\t<div role=\"region\" aria-labelledby=\"e-n-accordion-item-3050\" class=\"elementor-element elementor-element-057b638 e-flex e-con-boxed e-con e-child\" data-id=\"057b638\" data-element_type=\"container\">\n\t\t\t\t\t<div class=\"e-con-inner\">\n\t\t\t\t<div class=\"elementor-element elementor-element-ff40af8 elementor-widget elementor-widget-text-editor\" data-id=\"ff40af8\" data-element_type=\"widget\" data-widget_type=\"text-editor.default\">\n\t\t\t\t\t\t\t\t\tOur production is completely fossil-free. We already generate up to 70 % of our energy requirements ourselves - thanks to our high-performance photovoltaic system.\t\t\t\t\t\t\t\t<\/div>\n\t\t\t\t\t<\/div>\n\t\t\t\t<\/div>\n\t\t\t\t<\/div>\n\t\t\t\t\t<\/details>\n\t\t\t\t\t<\/div>\n\t\t\t\t\t\t<\/div>\n\t\t\t\t<div class=\"elementor-element elementor-element-4094fe8 elementor-widget elementor-widget-n-accordion\" data-id=\"4094fe8\" data-element_type=\"widget\" data-settings=\"{&quot;default_state&quot;:&quot;all_collapsed&quot;,&quot;max_items_expended&quot;:&quot;one&quot;,&quot;n_accordion_animation_duration&quot;:{&quot;unit&quot;:&quot;ms&quot;,&quot;size&quot;:400,&quot;sizes&quot;:[]}}\" data-widget_type=\"nested-accordion.default\">\n\t\t\t\t\t\t\t<div class=\"e-n-accordion\" aria-label=\"Accordion. Open links with Enter or Space, close with Escape, and navigate with Arrow Keys\">\n\t\t\t\t\t\t<details id=\"e-n-accordion-item-6770\" class=\"e-n-accordion-item\" >\n\t\t\t\t<summary class=\"e-n-accordion-item-title\" data-accordion-index=\"1\" tabindex=\"0\" aria-expanded=\"false\" aria-controls=\"e-n-accordion-item-6770\" >\n\t\t\t\t\t<span class='e-n-accordion-item-title-header'><div class=\"e-n-accordion-item-title-text\"> Efficient energy management <\/div><\/span>\n\t\t\t\t\t\t\t<span class='e-n-accordion-item-title-icon'>\n\t\t\t<span class='e-opened' ><i aria-hidden=\"true\" class=\"fas fa-minus\"><\/i><\/span>\n\t\t\t<span class='e-closed'><i aria-hidden=\"true\" class=\"fas fa-plus\"><\/i><\/span>\n\t\t<\/span>\n\n\t\t\t\t\t\t<\/summary>\n\t\t\t\t<div role=\"region\" aria-labelledby=\"e-n-accordion-item-6770\" class=\"elementor-element elementor-element-c91c772 e-con-full e-flex e-con e-child\" data-id=\"c91c772\" data-element_type=\"container\">\n\t\t<div role=\"region\" aria-labelledby=\"e-n-accordion-item-6770\" class=\"elementor-element elementor-element-453aadf e-flex e-con-boxed e-con e-child\" data-id=\"453aadf\" data-element_type=\"container\">\n\t\t\t\t\t<div class=\"e-con-inner\">\n\t\t\t\t<div class=\"elementor-element elementor-element-86e84b6 elementor-widget elementor-widget-text-editor\" data-id=\"86e84b6\" data-element_type=\"widget\" data-widget_type=\"text-editor.default\">\n\t\t\t\t\t\t\t\t\tBy using electricity meters on our machines, we precisely record and analyse our energy consumption. This allows us to continuously optimise our efficiency and sustainably reduce our energy requirements.\t\t\t\t\t\t\t\t<\/div>\n\t\t\t\t\t<\/div>\n\t\t\t\t<\/div>\n\t\t\t\t<\/div>\n\t\t\t\t\t<\/details>\n\t\t\t\t\t<\/div>\n\t\t\t\t\t\t<\/div>\n\t\t\t\t<div class=\"elementor-element elementor-element-ce8951f elementor-widget elementor-widget-n-accordion\" data-id=\"ce8951f\" data-element_type=\"widget\" data-settings=\"{&quot;default_state&quot;:&quot;all_collapsed&quot;,&quot;max_items_expended&quot;:&quot;one&quot;,&quot;n_accordion_animation_duration&quot;:{&quot;unit&quot;:&quot;ms&quot;,&quot;size&quot;:400,&quot;sizes&quot;:[]}}\" data-widget_type=\"nested-accordion.default\">\n\t\t\t\t\t\t\t<div class=\"e-n-accordion\" aria-label=\"Accordion. Open links with Enter or Space, close with Escape, and navigate with Arrow Keys\">\n\t\t\t\t\t\t<details id=\"e-n-accordion-item-2160\" class=\"e-n-accordion-item\" >\n\t\t\t\t<summary class=\"e-n-accordion-item-title\" data-accordion-index=\"1\" tabindex=\"0\" aria-expanded=\"false\" aria-controls=\"e-n-accordion-item-2160\" >\n\t\t\t\t\t<span class='e-n-accordion-item-title-header'><div class=\"e-n-accordion-item-title-text\"> Heat recovery <\/div><\/span>\n\t\t\t\t\t\t\t<span class='e-n-accordion-item-title-icon'>\n\t\t\t<span class='e-opened' ><i aria-hidden=\"true\" class=\"fas fa-minus\"><\/i><\/span>\n\t\t\t<span class='e-closed'><i aria-hidden=\"true\" class=\"fas fa-plus\"><\/i><\/span>\n\t\t<\/span>\n\n\t\t\t\t\t\t<\/summary>\n\t\t\t\t<div role=\"region\" aria-labelledby=\"e-n-accordion-item-2160\" class=\"elementor-element elementor-element-1052664 e-con-full e-flex e-con e-child\" data-id=\"1052664\" data-element_type=\"container\">\n\t\t<div role=\"region\" aria-labelledby=\"e-n-accordion-item-2160\" class=\"elementor-element elementor-element-29d2f4f e-flex e-con-boxed e-con e-child\" data-id=\"29d2f4f\" data-element_type=\"container\">\n\t\t\t\t\t<div class=\"e-con-inner\">\n\t\t\t\t<div class=\"elementor-element elementor-element-fc84fb5 elementor-widget elementor-widget-text-editor\" data-id=\"fc84fb5\" data-element_type=\"widget\" data-widget_type=\"text-editor.default\">\n\t\t\t\t\t\t\t\t\tWe utilise the waste heat from our machinery to heat our premises. We also use a heat pump that runs on our own solar power.\t\t\t\t\t\t\t\t<\/div>\n\t\t\t\t\t<\/div>\n\t\t\t\t<\/div>\n\t\t\t\t<\/div>\n\t\t\t\t\t<\/details>\n\t\t\t\t\t<\/div>\n\t\t\t\t\t\t<\/div>\n\t\t\t\t<div class=\"elementor-element elementor-element-9f1e4f0 elementor-widget elementor-widget-n-accordion\" data-id=\"9f1e4f0\" data-element_type=\"widget\" data-settings=\"{&quot;default_state&quot;:&quot;all_collapsed&quot;,&quot;max_items_expended&quot;:&quot;one&quot;,&quot;n_accordion_animation_duration&quot;:{&quot;unit&quot;:&quot;ms&quot;,&quot;size&quot;:400,&quot;sizes&quot;:[]}}\" data-widget_type=\"nested-accordion.default\">\n\t\t\t\t\t\t\t<div class=\"e-n-accordion\" aria-label=\"Accordion. Open links with Enter or Space, close with Escape, and navigate with Arrow Keys\">\n\t\t\t\t\t\t<details id=\"e-n-accordion-item-1660\" class=\"e-n-accordion-item\" >\n\t\t\t\t<summary class=\"e-n-accordion-item-title\" data-accordion-index=\"1\" tabindex=\"0\" aria-expanded=\"false\" aria-controls=\"e-n-accordion-item-1660\" >\n\t\t\t\t\t<span class='e-n-accordion-item-title-header'><div class=\"e-n-accordion-item-title-text\"> Environmental management according to ISO 14001 <\/div><\/span>\n\t\t\t\t\t\t\t<span class='e-n-accordion-item-title-icon'>\n\t\t\t<span class='e-opened' ><i aria-hidden=\"true\" class=\"fas fa-minus\"><\/i><\/span>\n\t\t\t<span class='e-closed'><i aria-hidden=\"true\" class=\"fas fa-plus\"><\/i><\/span>\n\t\t<\/span>\n\n\t\t\t\t\t\t<\/summary>\n\t\t\t\t<div role=\"region\" aria-labelledby=\"e-n-accordion-item-1660\" class=\"elementor-element elementor-element-16cf514 e-con-full e-flex e-con e-child\" data-id=\"16cf514\" data-element_type=\"container\">\n\t\t<div role=\"region\" aria-labelledby=\"e-n-accordion-item-1660\" class=\"elementor-element elementor-element-01aaa70 e-flex e-con-boxed e-con e-child\" data-id=\"01aaa70\" data-element_type=\"container\">\n\t\t\t\t\t<div class=\"e-con-inner\">\n\t\t\t\t<div class=\"elementor-element elementor-element-4ad3e22 elementor-widget elementor-widget-text-editor\" data-id=\"4ad3e22\" data-element_type=\"widget\" data-widget_type=\"text-editor.default\">\n\t\t\t\t\t\t\t\t\tOur certified environmental management system helps us to reduce our environmental impact in a targeted manner and continuously improve our ecological performance.\t\t\t\t\t\t\t\t<\/div>\n\t\t\t\t\t<\/div>\n\t\t\t\t<\/div>\n\t\t\t\t<\/div>\n\t\t\t\t\t<\/details>\n\t\t\t\t\t<\/div>\n\t\t\t\t\t\t<\/div>\n\t\t\t\t<div class=\"elementor-element elementor-element-e5092aa elementor-widget-divider--view-line elementor-widget elementor-widget-divider\" data-id=\"e5092aa\" data-element_type=\"widget\" data-widget_type=\"divider.default\">\n\t\t\t\t\t\t\t<div class=\"elementor-divider\">\n\t\t\t<span class=\"elementor-divider-separator\">\n\t\t\t\t\t\t<\/span>\n\t\t<\/div>\n\t\t\t\t\t\t<\/div>\n\t\t\t\t<div class=\"elementor-element elementor-element-fd1e08c elementor-widget elementor-widget-text-editor\" data-id=\"fd1e08c\" data-element_type=\"widget\" data-widget_type=\"text-editor.default\">\n\t\t\t\t\t\t\t\t\tHertel &amp; Co. GmbH joins the Bavarian Environment + Climate Pact\t\t\t\t\t\t\t\t<\/div>\n\t\t\t\t<\/div>\n\t\t<div class=\"elementor-element elementor-element-d4909e1 e-flex e-con-boxed e-con e-parent\" data-id=\"d4909e1\" data-element_type=\"container\">\n\t\t\t\t\t<div class=\"e-con-inner\">\n\t\t<div class=\"elementor-element elementor-element-687ff5a e-con-full e-flex e-con e-child\" data-id=\"687ff5a\" data-element_type=\"container\">\n\t\t\t\t<div class=\"elementor-element elementor-element-973b0b2 elementor-widget elementor-widget-image\" data-id=\"973b0b2\" data-element_type=\"widget\" data-widget_type=\"image.default\">\n\t\t\t\t\t\t\t\t\t\t\t\t\t\t\t<img decoding=\"async\" width=\"162\" height=\"175\" src=\"https:\/\/www.hertel-kartonagen.de\/wp-content\/uploads\/2025\/01\/ukp_logo.png\" class=\"attachment-large size-large wp-image-10066\" alt=\"\" srcset=\"https:\/\/www.hertel-kartonagen.de\/wp-content\/uploads\/2025\/01\/ukp_logo.png 162w, https:\/\/www.hertel-kartonagen.de\/wp-content\/uploads\/2025\/01\/ukp_logo-11x12.png 11w\" sizes=\"(max-width: 162px) 100vw, 162px\" \/>\t\t\t\t\t\t\t\t\t\t\t\t\t\t\t<\/div>\n\t\t\t\t<\/div>\n\t\t<div class=\"elementor-element elementor-element-a2b0656 e-con-full e-flex e-con e-child\" data-id=\"a2b0656\" data-element_type=\"container\">\n\t\t\t\t<div class=\"elementor-element elementor-element-40cc43a elementor-widget elementor-widget-text-editor\" data-id=\"40cc43a\" data-element_type=\"widget\" data-widget_type=\"text-editor.default\">\n\t\t\t\t\t\t\t\t\tSince 29 January 2025, Hertel &amp; Co. GmbH has been an official participant in the Bavarian Environment + Climate Pact. This commitment emphasises our dedication to sustainable business practices and the protection of our environment.\nDuring a personal visit, the Bavarian State Minister for the Environment and Consumer Protection, Thorsten Glauber, will present the official environmental and climate pact certificate. A tour of the factory is also planned, during which the Minister will be able to gain an impression of our environmentally friendly production processes. This will be followed by an in-depth discussion about our climate protection programmes before the official certificate presentation ceremony takes place\n\n\t\t\t\t\t\t\t\t<\/div>\n\t\t\t\t<\/div>\n\t\t\t\t\t<\/div>\n\t\t\t\t<\/div>\n\t\t<div class=\"elementor-element elementor-element-52127b1 e-flex e-con-boxed e-con e-parent\" data-id=\"52127b1\" data-element_type=\"container\">\n\t\t\t\t\t<div class=\"e-con-inner\">\n\t\t<div class=\"elementor-element elementor-element-cef23a9 e-con-full e-flex e-con e-child\" data-id=\"cef23a9\" data-element_type=\"container\">\n\t\t\t\t<div class=\"elementor-element elementor-element-ecb23cf elementor-widget elementor-widget-text-editor\" data-id=\"ecb23cf\" data-element_type=\"widget\" data-widget_type=\"text-editor.default\">\n\t\t\t\t\t\t\t\t\tFinally, media representatives will have the opportunity to take photos with the Minister and the company representatives.\n\nWe are delighted to be part of this initiative and to further strengthen our commitment to a sustainable future.\t\t\t\t\t\t\t\t<\/div>\n\t\t\t\t<div class=\"elementor-element elementor-element-5ffbc07 elementor-widget elementor-widget-text-editor\" data-id=\"5ffbc07\" data-element_type=\"widget\" data-widget_type=\"text-editor.default\">\n\t\t\t\t\t\t\t\t\t<p><strong>Media representatives are welcome to attend this event. If you are interested in attending, please contact us in advance to ensure smooth coordination<\/strong><\/p>\t\t\t\t\t\t\t\t<\/div>\n\t\t\t\t<\/div>\n\t\t<div class=\"elementor-element elementor-element-8ad3065 e-con-full e-flex e-con e-child\" data-id=\"8ad3065\" data-element_type=\"container\">\n\t\t\t\t<div class=\"elementor-element elementor-element-ac72959 elementor-widget elementor-widget-image\" data-id=\"ac72959\" data-element_type=\"widget\" data-widget_type=\"image.default\">\n\t\t\t\t\t\t\t\t\t\t\t\t\t\t\t<img decoding=\"async\" width=\"800\" height=\"600\" src=\"https:\/\/www.hertel-kartonagen.de\/wp-content\/uploads\/2024\/04\/DSC01046-1024x768.jpg\" class=\"attachment-large size-large wp-image-10879\" alt=\"Foto der Sitzecke im Foyer der Hertel B\u00fcrogeb\u00e4udes\" srcset=\"https:\/\/www.hertel-kartonagen.de\/wp-content\/uploads\/2024\/04\/DSC01046-1024x768.jpg 1024w, https:\/\/www.hertel-kartonagen.de\/wp-content\/uploads\/2024\/04\/DSC01046-300x225.jpg 300w, https:\/\/www.hertel-kartonagen.de\/wp-content\/uploads\/2024\/04\/DSC01046-768x576.jpg 768w, https:\/\/www.hertel-kartonagen.de\/wp-content\/uploads\/2024\/04\/DSC01046-1536x1152.jpg 1536w, https:\/\/www.hertel-kartonagen.de\/wp-content\/uploads\/2024\/04\/DSC01046-scaled.jpg 2048w, https:\/\/www.hertel-kartonagen.de\/wp-content\/uploads\/2024\/04\/DSC01046-16x12.jpg 16w\" sizes=\"(max-width: 800px) 100vw, 800px\" \/>\t\t\t\t\t\t\t\t\t\t\t\t\t\t\t<\/div>\n\t\t\t\t<\/div>\n\t\t\t\t\t<\/div>\n\t\t\t\t<\/div>\n\t\t<div class=\"elementor-element elementor-element-d6f5c1f e-flex e-con-boxed e-con e-parent\" data-id=\"d6f5c1f\" data-element_type=\"container\">\n\t\t\t\t\t<div class=\"e-con-inner\">\n\t\t\t\t<div class=\"elementor-element elementor-element-6d10a4b elementor-widget-divider--view-line elementor-widget elementor-widget-divider\" data-id=\"6d10a4b\" data-element_type=\"widget\" data-widget_type=\"divider.default\">\n\t\t\t\t\t\t\t<div class=\"elementor-divider\">\n\t\t\t<span class=\"elementor-divider-separator\">\n\t\t\t\t\t\t<\/span>\n\t\t<\/div>\n\t\t\t\t\t\t<\/div>\n\t\t\t\t<div class=\"elementor-element elementor-element-b07a75d elementor-widget elementor-widget-button\" data-id=\"b07a75d\" data-element_type=\"widget\" data-widget_type=\"button.default\">\n\t\t\t\t\t\t\t\t\t\t<a class=\"elementor-button elementor-button-link elementor-size-sm\" href=\"https:\/\/www.hertel-kartonagen.de\/wp-content\/uploads\/2025\/02\/Pressemitteilung_Klimapakt-Urkunde-Thorsten-Glauber.pdf\">\n\t\t\t\t\t\t<span class=\"elementor-button-content-wrapper\">\n\t\t\t\t\t\t\t\t\t<span class=\"elementor-button-text\">Download press release<\/span>\n\t\t\t\t\t<\/span>\n\t\t\t\t\t<\/a>\n\t\t\t\t\t\t\t\t<\/div>\n\t\t\t\t\t<\/div>\n\t\t\t\t<\/div>\n\t\t\t\t<\/div>","protected":false},"excerpt":{"rendered":"<p>Bayreuth, 21 March 2025 10:00 - 11:00 a.m. - High-ranking visit to Hertel &amp; Co. GmbH: The Bavarian State Minister for the Environment and Consumer Protection, Thorsten Glauber, honours the company for its exemplary commitment to climate and environmental protection. During a personal visit, he presents the environmental and climate certificate. A significant milestone for the Bayreuth packaging manufacturer - and [...]<\/p>","protected":false},"author":2,"featured_media":11629,"comment_status":"closed","ping_status":"closed","sticky":false,"template":"","format":"standard","meta":{"_acf_changed":false,"footnotes":""},"categories":[57,58],"tags":[],"class_list":["post-11628","post","type-post","status-publish","format-standard","has-post-thumbnail","hentry","category-umweltbewusstsein","category-veranstaltungen"],"acf":[],"yoast_head":"<!-- This site is optimized with the Yoast SEO plugin v26.5 - https:\/\/yoast.com\/wordpress\/plugins\/seo\/ -->\n<title>\u00dcbergabe Umwelt- und Klimapakturkunde durch Bayer. Staatsminister Thorsten Glauber &#8212; Hertel Kartonagen<\/title>\n<meta name=\"robots\" content=\"index, follow, max-snippet:-1, max-image-preview:large, max-video-preview:-1\" \/>\n<link rel=\"canonical\" href=\"https:\/\/www.hertel-kartonagen.de\/en\/uebergabe-umwelt-und-klimapakturkunde-durch-bayer-staatsminister-thorsten-glauber\/\" \/>\n<meta property=\"og:locale\" content=\"en_GB\" \/>\n<meta property=\"og:type\" content=\"article\" \/>\n<meta property=\"og:title\" content=\"\u00dcbergabe Umwelt- und Klimapakturkunde durch Bayer. Staatsminister Thorsten Glauber &#8212; Hertel Kartonagen\" \/>\n<meta property=\"og:description\" content=\"Bayreuth, 21. M\u00e4rz 2025 10:00 \u2013 11:00 Uhr \u2013 Hoher Besuch bei Hertel &amp; Co. GmbH:Der Bayerische Staatsminister f\u00fcr Umwelt und Verbraucherschutz, Thorsten Glauber, w\u00fcrdigt das Unternehmen f\u00fcr sein vorbildliches Engagement im Klima- und Umweltschutz. Im Rahmen eines pers\u00f6nlichen Besuchs \u00fcberreicht er die Umwelt- und Klimapakturkunde. Ein bedeutender Meilen-stein f\u00fcr den Bayreuther Verpackungshersteller \u2013 und [&hellip;]\" \/>\n<meta property=\"og:url\" content=\"https:\/\/www.hertel-kartonagen.de\/en\/uebergabe-umwelt-und-klimapakturkunde-durch-bayer-staatsminister-thorsten-glauber\/\" \/>\n<meta property=\"og:site_name\" content=\"Hertel Kartonagen\" \/>\n<meta property=\"article:publisher\" content=\"https:\/\/www.facebook.com\/hertel.kartonagen\/\" \/>\n<meta property=\"article:published_time\" content=\"2025-02-28T10:51:17+00:00\" \/>\n<meta property=\"article:modified_time\" content=\"2025-06-23T15:14:15+00:00\" \/>\n<meta property=\"og:image\" content=\"https:\/\/www.hertel-kartonagen.de\/wp-content\/uploads\/2025\/02\/Umwelt-und-Klimapakt-bayern.jpg\" \/>\n\t<meta property=\"og:image:width\" content=\"1684\" \/>\n\t<meta property=\"og:image:height\" content=\"1520\" \/>\n\t<meta property=\"og:image:type\" content=\"image\/jpeg\" \/>\n<meta name=\"author\" content=\"hertel_admin\" \/>\n<meta name=\"twitter:card\" content=\"summary_large_image\" \/>\n<meta name=\"twitter:label1\" content=\"Written by\" \/>\n\t<meta name=\"twitter:data1\" content=\"hertel_admin\" \/>\n\t<meta name=\"twitter:label2\" content=\"Estimated reading time\" \/>\n\t<meta name=\"twitter:data2\" content=\"3 minutes\" \/>\n<!-- \/ Yoast SEO plugin. -->","yoast_head_json":{"title":"\u00dcbergabe Umwelt- und Klimapakturkunde durch Bayer. Staatsminister Thorsten Glauber &#8212; Hertel Kartonagen","robots":{"index":"index","follow":"follow","max-snippet":"max-snippet:-1","max-image-preview":"max-image-preview:large","max-video-preview":"max-video-preview:-1"},"canonical":"https:\/\/www.hertel-kartonagen.de\/en\/uebergabe-umwelt-und-klimapakturkunde-durch-bayer-staatsminister-thorsten-glauber\/","og_locale":"en_GB","og_type":"article","og_title":"\u00dcbergabe Umwelt- und Klimapakturkunde durch Bayer. Staatsminister Thorsten Glauber &#8212; Hertel Kartonagen","og_description":"Bayreuth, 21. M\u00e4rz 2025 10:00 \u2013 11:00 Uhr \u2013 Hoher Besuch bei Hertel &amp; Co. GmbH:Der Bayerische Staatsminister f\u00fcr Umwelt und Verbraucherschutz, Thorsten Glauber, w\u00fcrdigt das Unternehmen f\u00fcr sein vorbildliches Engagement im Klima- und Umweltschutz. Im Rahmen eines pers\u00f6nlichen Besuchs \u00fcberreicht er die Umwelt- und Klimapakturkunde. Ein bedeutender Meilen-stein f\u00fcr den Bayreuther Verpackungshersteller \u2013 und [&hellip;]","og_url":"https:\/\/www.hertel-kartonagen.de\/en\/uebergabe-umwelt-und-klimapakturkunde-durch-bayer-staatsminister-thorsten-glauber\/","og_site_name":"Hertel Kartonagen","article_publisher":"https:\/\/www.facebook.com\/hertel.kartonagen\/","article_published_time":"2025-02-28T10:51:17+00:00","article_modified_time":"2025-06-23T15:14:15+00:00","og_image":[{"width":1684,"height":1520,"url":"https:\/\/www.hertel-kartonagen.de\/wp-content\/uploads\/2025\/02\/Umwelt-und-Klimapakt-bayern.jpg","type":"image\/jpeg"}],"author":"hertel_admin","twitter_card":"summary_large_image","twitter_misc":{"Written by":"hertel_admin","Estimated reading time":"3 minutes"},"schema":{"@context":"https:\/\/schema.org","@graph":[{"@type":"Article","@id":"https:\/\/www.hertel-kartonagen.de\/uebergabe-umwelt-und-klimapakturkunde-durch-bayer-staatsminister-thorsten-glauber\/#article","isPartOf":{"@id":"https:\/\/www.hertel-kartonagen.de\/uebergabe-umwelt-und-klimapakturkunde-durch-bayer-staatsminister-thorsten-glauber\/"},"author":{"name":"hertel_admin","@id":"https:\/\/www.hertel-kartonagen.de\/#\/schema\/person\/986724c244fefe7f2aa65860c5a6f408"},"headline":"\u00dcbergabe Umwelt- und Klimapakturkunde durch Bayer. Staatsminister Thorsten Glauber","datePublished":"2025-02-28T10:51:17+00:00","dateModified":"2025-06-23T15:14:15+00:00","mainEntityOfPage":{"@id":"https:\/\/www.hertel-kartonagen.de\/uebergabe-umwelt-und-klimapakturkunde-durch-bayer-staatsminister-thorsten-glauber\/"},"wordCount":534,"publisher":{"@id":"https:\/\/www.hertel-kartonagen.de\/#organization"},"image":{"@id":"https:\/\/www.hertel-kartonagen.de\/uebergabe-umwelt-und-klimapakturkunde-durch-bayer-staatsminister-thorsten-glauber\/#primaryimage"},"thumbnailUrl":"https:\/\/www.hertel-kartonagen.de\/wp-content\/uploads\/2025\/02\/Umwelt-und-Klimapakt-bayern.jpg","articleSection":["Umweltbewusstsein","Veranstaltungen"],"inLanguage":"en-GB"},{"@type":"WebPage","@id":"https:\/\/www.hertel-kartonagen.de\/uebergabe-umwelt-und-klimapakturkunde-durch-bayer-staatsminister-thorsten-glauber\/","url":"https:\/\/www.hertel-kartonagen.de\/uebergabe-umwelt-und-klimapakturkunde-durch-bayer-staatsminister-thorsten-glauber\/","name":"\u00dcbergabe Umwelt- und Klimapakturkunde durch Bayer. Staatsminister Thorsten Glauber &#8212; Hertel Kartonagen","isPartOf":{"@id":"https:\/\/www.hertel-kartonagen.de\/#website"},"primaryImageOfPage":{"@id":"https:\/\/www.hertel-kartonagen.de\/uebergabe-umwelt-und-klimapakturkunde-durch-bayer-staatsminister-thorsten-glauber\/#primaryimage"},"image":{"@id":"https:\/\/www.hertel-kartonagen.de\/uebergabe-umwelt-und-klimapakturkunde-durch-bayer-staatsminister-thorsten-glauber\/#primaryimage"},"thumbnailUrl":"https:\/\/www.hertel-kartonagen.de\/wp-content\/uploads\/2025\/02\/Umwelt-und-Klimapakt-bayern.jpg","datePublished":"2025-02-28T10:51:17+00:00","dateModified":"2025-06-23T15:14:15+00:00","breadcrumb":{"@id":"https:\/\/www.hertel-kartonagen.de\/uebergabe-umwelt-und-klimapakturkunde-durch-bayer-staatsminister-thorsten-glauber\/#breadcrumb"},"inLanguage":"en-GB","potentialAction":[{"@type":"ReadAction","target":["https:\/\/www.hertel-kartonagen.de\/uebergabe-umwelt-und-klimapakturkunde-durch-bayer-staatsminister-thorsten-glauber\/"]}]},{"@type":"ImageObject","inLanguage":"en-GB","@id":"https:\/\/www.hertel-kartonagen.de\/uebergabe-umwelt-und-klimapakturkunde-durch-bayer-staatsminister-thorsten-glauber\/#primaryimage","url":"https:\/\/www.hertel-kartonagen.de\/wp-content\/uploads\/2025\/02\/Umwelt-und-Klimapakt-bayern.jpg","contentUrl":"https:\/\/www.hertel-kartonagen.de\/wp-content\/uploads\/2025\/02\/Umwelt-und-Klimapakt-bayern.jpg","width":1684,"height":1520,"caption":"Logo Umwelt + Klimapakt Bayern vor Au\u00dfenaufnahme PV-Anlage hertel Geb\u00e4ude"},{"@type":"BreadcrumbList","@id":"https:\/\/www.hertel-kartonagen.de\/uebergabe-umwelt-und-klimapakturkunde-durch-bayer-staatsminister-thorsten-glauber\/#breadcrumb","itemListElement":[{"@type":"ListItem","position":1,"name":"Startseite","item":"https:\/\/www.hertel-kartonagen.de\/"},{"@type":"ListItem","position":2,"name":"\u00dcbergabe Umwelt- und Klimapakturkunde durch Bayer. Staatsminister Thorsten Glauber"}]},{"@type":"WebSite","@id":"https:\/\/www.hertel-kartonagen.de\/#website","url":"https:\/\/www.hertel-kartonagen.de\/","name":"Hertel cardboard packaging","description":"More than packaging","publisher":{"@id":"https:\/\/www.hertel-kartonagen.de\/#organization"},"alternateName":"Hertel & Co. GmbH","potentialAction":[{"@type":"SearchAction","target":{"@type":"EntryPoint","urlTemplate":"https:\/\/www.hertel-kartonagen.de\/?s={search_term_string}"},"query-input":{"@type":"PropertyValueSpecification","valueRequired":true,"valueName":"search_term_string"}}],"inLanguage":"en-GB"},{"@type":"Organization","@id":"https:\/\/www.hertel-kartonagen.de\/#organization","name":"Hertel cardboard packaging","alternateName":"Hertel & Co. GmbH","url":"https:\/\/www.hertel-kartonagen.de\/","logo":{"@type":"ImageObject","inLanguage":"en-GB","@id":"https:\/\/www.hertel-kartonagen.de\/#\/schema\/logo\/image\/","url":"https:\/\/www.hertel-kartonagen.de\/wp-content\/uploads\/2023\/12\/Logo-Hertel.jpg","contentUrl":"https:\/\/www.hertel-kartonagen.de\/wp-content\/uploads\/2023\/12\/Logo-Hertel.jpg","width":1772,"height":709,"caption":"Hertel Kartonagen"},"image":{"@id":"https:\/\/www.hertel-kartonagen.de\/#\/schema\/logo\/image\/"},"sameAs":["https:\/\/www.facebook.com\/hertel.kartonagen\/"]},{"@type":"Person","@id":"https:\/\/www.hertel-kartonagen.de\/#\/schema\/person\/986724c244fefe7f2aa65860c5a6f408","name":"hertel_admin","image":{"@type":"ImageObject","inLanguage":"en-GB","@id":"https:\/\/www.hertel-kartonagen.de\/#\/schema\/person\/image\/","url":"https:\/\/secure.gravatar.com\/avatar\/833b014eda7c0ac07e80a8df5c211ef6dbacafb6b17bc50e9782cec0bac905e1?s=96&d=mm&r=g","contentUrl":"https:\/\/secure.gravatar.com\/avatar\/833b014eda7c0ac07e80a8df5c211ef6dbacafb6b17bc50e9782cec0bac905e1?s=96&d=mm&r=g","caption":"hertel_admin"},"url":"https:\/\/www.hertel-kartonagen.de\/en\/author\/hertel_admin\/"}]}},"_links":{"self":[{"href":"https:\/\/www.hertel-kartonagen.de\/en\/wp-json\/wp\/v2\/posts\/11628","targetHints":{"allow":["GET"]}}],"collection":[{"href":"https:\/\/www.hertel-kartonagen.de\/en\/wp-json\/wp\/v2\/posts"}],"about":[{"href":"https:\/\/www.hertel-kartonagen.de\/en\/wp-json\/wp\/v2\/types\/post"}],"author":[{"embeddable":true,"href":"https:\/\/www.hertel-kartonagen.de\/en\/wp-json\/wp\/v2\/users\/2"}],"replies":[{"embeddable":true,"href":"https:\/\/www.hertel-kartonagen.de\/en\/wp-json\/wp\/v2\/comments?post=11628"}],"version-history":[{"count":67,"href":"https:\/\/www.hertel-kartonagen.de\/en\/wp-json\/wp\/v2\/posts\/11628\/revisions"}],"predecessor-version":[{"id":11699,"href":"https:\/\/www.hertel-kartonagen.de\/en\/wp-json\/wp\/v2\/posts\/11628\/revisions\/11699"}],"wp:featuredmedia":[{"embeddable":true,"href":"https:\/\/www.hertel-kartonagen.de\/en\/wp-json\/wp\/v2\/media\/11629"}],"wp:attachment":[{"href":"https:\/\/www.hertel-kartonagen.de\/en\/wp-json\/wp\/v2\/media?parent=11628"}],"wp:term":[{"taxonomy":"category","embeddable":true,"href":"https:\/\/www.hertel-kartonagen.de\/en\/wp-json\/wp\/v2\/categories?post=11628"},{"taxonomy":"post_tag","embeddable":true,"href":"https:\/\/www.hertel-kartonagen.de\/en\/wp-json\/wp\/v2\/tags?post=11628"}],"curies":[{"name":"wp","href":"https:\/\/api.w.org\/{rel}","templated":true}]}}